{"id":26620,"date":"2026-08-25T11:50:09","date_gmt":"2026-08-25T09:50:09","guid":{"rendered":"https:\/\/www.icspoltore.edu.it\/new\/?p=26620"},"modified":"2026-08-25T12:35:41","modified_gmt":"2026-08-25T10:35:41","slug":"presa-di-servizio-del-personale-docente-e-ata-a-s-2026-2027","status":"publish","type":"post","link":"https:\/\/www.icspoltore.edu.it\/new\/presa-di-servizio-del-personale-docente-e-ata-a-s-2026-2027\/","title":{"rendered":"PRESA DI SERVIZIO DEL PERSONALE DOCENTE E ATA A.S. 2026\/2027 &#8211; convocazione 1\u00b0 COLLEGIO DOCENTI"},"content":{"rendered":"<p>Presa di servizio del personale docente e ATA &#8211; marted\u00ec 1\u00b0 settembre 2026 &#8211; modalit\u00e0 organizzative, scaglionamento degli accessi e documentazione da presentare.<\/p>\n<p>Al fine di rendere ordinate, rapide e uniformi le operazioni di presa di servizio per l\u2019avvio dell\u2019anno scolastico 2026\/2027, d\u2019intesa con il Dirigente Scolastico, si comunicano le seguenti disposizioni organizzative.<\/p>\n<ol>\n<li><b>Personale tenuto alla presa di servizio<\/b><\/li>\n<\/ol>\n<p>Sono tenuti alla presa di servizio presso &#8220;l\u2019I.C. Statale di Spoltore&#8221;, in relazione alla propria posizione giuridica e al relativo provvedimento, i dipendenti che instaurano, modificano o riprendono il servizio presso l\u2019Istituto con decorrenza 1\u00b0 settembre 2026. Rientrano, in particolare:<\/p>\n<ul>\n<li><b>personale docente e ATA neoassunto a tempo indeterminato<\/b>;<\/li>\n<li><b>personale docente e ATA destinatario di contratto a tempo determinato<\/b>&nbsp;con decorrenza 1\u00b0 settembre 2026, qualunque sia la procedura di individuazione o la graduatoria utilizzata;<\/li>\n<li><b>personale trasferito o destinatario di passaggio di ruolo, di cattedra o di profilo<\/b>, anche quando il movimento comporti una variazione giuridica all\u2019interno della medesima istituzione scolastica;<\/li>\n<li><b>personale in utilizzazione o assegnazione provvisoria<\/b>&nbsp;presso l\u2019Istituto;<\/li>\n<li><b>personale che rientra nella sede di titolarit\u00e0 dopo utilizzazione o assegnazione provvisoria non confermata<\/b>, nonch\u00e9 chi rientra da aspettativa, congedo, fuori ruolo o altra posizione che abbia sospeso l\u2019effettiva prestazione, quando la ripresa decorra dal 1\u00b0 settembre.<\/li>\n<\/ul>\n<p>Il personale gi\u00e0 titolare e in regolare servizio presso l\u2019Istituto, che non rientri in una delle situazioni sopra indicate e non abbia subito variazioni della propria posizione giuridica, non deve effettuare una nuova presa di servizio.<\/p>\n<ol start=\"2\">\n<li><b>Data, sede e scaglionamento degli accessi<\/b><br \/>\n<table class=\"table table-striped table-bordered table-hover\" style=\"width: 93.6434%; height: 238px;\">\n<tbody>\n<tr style=\"height: 27px;\">\n<td style=\"width: 22.2246%; height: 27px;\"><b>FASCIA ORARIA<\/b><\/td>\n<td style=\"width: 77.1628%; height: 27px;\"><b>PERSONALE INTERESSATO<\/b><\/td>\n<\/tr>\n<tr style=\"height: 27px;\">\n<td style=\"width: 22.2246%; height: 27px;\"><b>08:00&nbsp;<\/b><\/td>\n<td style=\"width: 77.1628%; height: 27px;\"><b>Personale ATA<\/b>: neoassunti, trasferiti, utilizzati\/assegnati, rientri e personale a tempo determinato con decorrenza 1\u00b0 settembre.<\/td>\n<\/tr>\n<tr style=\"height: 164px;\">\n<td style=\"width: 22.2246%; height: 164px;\"><b>08:30 Docenti Infanzia<\/b><\/p>\n<p>&nbsp;<\/p>\n<p><b>09:30 Docenti Primaria<\/b><\/p>\n<p>&nbsp;<\/p>\n<p><b>10:30 Docenti Secondaria<\/b><\/td>\n<td style=\"width: 77.1628%; height: 164px;\"><b>Docenti<\/b> neo immessi in ruolo e docenti destinatari di incarichi finalizzati al ruolo con decorrenza 1\u00b0 settembre, trasferiti, destinatari di passaggio di ruolo\/cattedra, utilizzazione o assegnazione provvisoria, nonch\u00e9 docenti che rientrano nella sede di titolarit\u00e0 o da altra posizione<\/p>\n<p><b>Docenti<\/b>&nbsp;con contratto a tempo determinato con decorrenza 1\u00b0 settembre e ulteriori casi non ricompresi nelle fasce precedenti; personale destinatario di nomina pervenuta successivamente alla pubblicazione del presente avviso, salvo diversa convocazione<\/td>\n<\/tr>\n<tr style=\"height: 182px;\">\n<td style=\"width: 99.3874%; height: 10px;\" colspan=\"2\">\n<p style=\"text-align: left;\"><b>&nbsp;<\/b><\/p>\n<\/td>\n<\/tr>\n<tr style=\"height: 27px;\">\n<td style=\"width: 22.2246%; height: 10px;\"><b>2 Settembre 2026 <\/b><\/p>\n<p><b>16:30 \u2013 18:30&nbsp;<\/b><\/td>\n<td style=\"width: 77.1628%; height: 10px;\">&nbsp;<\/p>\n<p style=\"text-align: left;\"><b>&nbsp;COLLEGIO DOCENTI <\/b><\/p>\n<p style=\"text-align: left;\"><b>presso la Sala parrocchiale della Chiesa &#8220;S.Teresa D&#8217;Avila&#8221; a Santa Teresa di Spoltore&nbsp; &nbsp; &nbsp; &nbsp; &nbsp; &nbsp; &nbsp; &nbsp; &nbsp; &nbsp; &nbsp; &nbsp; &nbsp; &nbsp; &nbsp; &nbsp; &nbsp; &nbsp; &nbsp; &nbsp; &nbsp; &nbsp; &nbsp; &nbsp; &nbsp; &nbsp; &nbsp;<span style=\"font-size: 10pt;\">(seguir\u00e0 circolare di convocazione)<\/span><\/b><\/p>\n<p>&nbsp;<\/td>\n<\/tr>\n<\/tbody>\n<\/table>\n<p>Il giorno della presa di servizio occorre presentarsi con:<\/p>\n<ul>\n<li>documento di identit\u00e0 o di riconoscimento in corso di validit\u00e0, in originale; non \u00e8 necessario allegarne una fotocopia alle dichiarazioni sottoscritte in presenza dell\u2019addetta\/o;<\/li>\n<li>codice fiscale \/ tessera sanitaria;<\/li>\n<li>estremi o copia del provvedimento di nomina, trasferimento, passaggio, utilizzazione o assegnazione provvisoria, se gi\u00e0 nella disponibilit\u00e0 dell\u2019interessato;<\/li>\n<li>IBAN, anche quando non sia necessario modificarlo;<\/li>\n<li>per i cittadini di Paesi terzi, ove applicabile, documentazione relativa al titolo\/status che consente il soggiorno, il lavoro e\/o l\u2019accesso al pubblico impiego ai sensi della normativa vigente;<\/li>\n<li>eventuale documentazione utile relativa ad attivit\u00e0 esterne, libera professione, incarichi o rapporti da comunicare o sottoporre ad autorizzazione;<\/li>\n<li>gli estremi dei titoli di studio, abilitazioni, specializzazioni o altri requisiti richiesti dalla procedura di reclutamento, per consentire i controlli dell\u2019Amministrazione.&nbsp; &nbsp; &nbsp; &nbsp; &nbsp; &nbsp; &nbsp; &nbsp; &nbsp; &nbsp; &nbsp; &nbsp; &nbsp; &nbsp; &nbsp; &nbsp; &nbsp; &nbsp; &nbsp; &nbsp; &nbsp; &nbsp; &nbsp; &nbsp; &nbsp; &nbsp; &nbsp; &nbsp; &nbsp; &nbsp; &nbsp; &nbsp; &nbsp; &nbsp; &nbsp; &nbsp; &nbsp; &nbsp; &nbsp; &nbsp; &nbsp; &nbsp; &nbsp; &nbsp; &nbsp; &nbsp; &nbsp; &nbsp; &nbsp; &nbsp; &nbsp; &nbsp; &nbsp; &nbsp; &nbsp; &nbsp; &nbsp; &nbsp; &nbsp; &nbsp; &nbsp; &nbsp; &nbsp; &nbsp; &nbsp; &nbsp; &nbsp; &nbsp; &nbsp; &nbsp; &nbsp; &nbsp; &nbsp; &nbsp; &nbsp; &nbsp; &nbsp; &nbsp; &nbsp; &nbsp; &nbsp; &nbsp; &nbsp; &nbsp; &nbsp; &nbsp; &nbsp; &nbsp; &nbsp; &nbsp; &nbsp; &nbsp; &nbsp; &nbsp; &nbsp; &nbsp; &nbsp; &nbsp; &nbsp; &nbsp; &nbsp; &nbsp; &nbsp; &nbsp; &nbsp; &nbsp; &nbsp; &nbsp; &nbsp; &nbsp; &nbsp; &nbsp; &nbsp; &nbsp; &nbsp; &nbsp; &nbsp; &nbsp; &nbsp; &nbsp; &nbsp; &nbsp; &nbsp; &nbsp; &nbsp; &nbsp; &nbsp; &nbsp; &nbsp; &nbsp; &nbsp; &nbsp; &nbsp; &nbsp; &nbsp; &nbsp; &nbsp; &nbsp; &nbsp; &nbsp; &nbsp; &nbsp; &nbsp; &nbsp; &nbsp; &nbsp; &nbsp; &nbsp; &nbsp; &nbsp; &nbsp; &nbsp; &nbsp; &nbsp; &nbsp; &nbsp; &nbsp; &nbsp; &nbsp; &nbsp; &nbsp; &nbsp; &nbsp; &nbsp; &nbsp; &nbsp; &nbsp; &nbsp; &nbsp; &nbsp; &nbsp; &nbsp; &nbsp; &nbsp; &nbsp; &nbsp; &nbsp; &nbsp; &nbsp; &nbsp; &nbsp; &nbsp; &nbsp; &nbsp; &nbsp; &nbsp; &nbsp; &nbsp; Per i nuovi rapporti di lavoro l\u2019Ufficio verifica inoltre l\u2019assolvimento degli obblighi informativi sulle condizioni di lavoro previsti dal D.Lgs. 152\/1997, come modificato dal D.Lgs. 104\/2022, mediante il contratto individuale e\/o la documentazione integrativa prevista.<\/li>\n<\/ul>\n<\/li>\n<\/ol>\n","protected":false},"excerpt":{"rendered":"<p>Presa di servizio del personale docente e ATA &#8211; marted\u00ec 1\u00b0 settembre 2026 &#8211; modalit\u00e0 organizzative, scaglionamento degli accessi e documentazione da presentare.<\/p>\n","protected":false},"author":36,"featured_media":0,"comment_status":"closed","ping_status":"closed","sticky":true,"template":"","format":"standard","meta":{"ngg_post_thumbnail":0,"cybocfi_hide_featured_image":"","_jetpack_newsletter_access":"","_jetpack_dont_email_post_to_subs":false,"_jetpack_newsletter_tier_id":0,"_jetpack_memberships_contains_paywalled_content":false,"_jetpack_memberships_contains_paid_content":false,"footnotes":"","_members_access_role":[],"_members_access_error":""},"categories":[405,402,1],"tags":[],"class_list":["post-26620","post","type-post","status-publish","format-standard","hentry","category-ata","category-docenti","category-news"],"jetpack_sharing_enabled":true,"jetpack_featured_media_url":"","_links":{"self":[{"href":"https:\/\/www.icspoltore.edu.it\/new\/wp-json\/wp\/v2\/posts\/26620","targetHints":{"allow":["GET"]}}],"collection":[{"href":"https:\/\/www.icspoltore.edu.it\/new\/wp-json\/wp\/v2\/posts"}],"about":[{"href":"https:\/\/www.icspoltore.edu.it\/new\/wp-json\/wp\/v2\/types\/post"}],"author":[{"embeddable":true,"href":"https:\/\/www.icspoltore.edu.it\/new\/wp-json\/wp\/v2\/users\/36"}],"replies":[{"embeddable":true,"href":"https:\/\/www.icspoltore.edu.it\/new\/wp-json\/wp\/v2\/comments?post=26620"}],"version-history":[{"count":10,"href":"https:\/\/www.icspoltore.edu.it\/new\/wp-json\/wp\/v2\/posts\/26620\/revisions"}],"predecessor-version":[{"id":26630,"href":"https:\/\/www.icspoltore.edu.it\/new\/wp-json\/wp\/v2\/posts\/26620\/revisions\/26630"}],"wp:attachment":[{"href":"https:\/\/www.icspoltore.edu.it\/new\/wp-json\/wp\/v2\/media?parent=26620"}],"wp:term":[{"taxonomy":"category","embeddable":true,"href":"https:\/\/www.icspoltore.edu.it\/new\/wp-json\/wp\/v2\/categories?post=26620"},{"taxonomy":"post_tag","embeddable":true,"href":"https:\/\/www.icspoltore.edu.it\/new\/wp-json\/wp\/v2\/tags?post=26620"}],"curies":[{"name":"wp","href":"https:\/\/api.w.org\/{rel}","templated":true}]}}